{"id":1175,"date":"2016-10-02T22:56:53","date_gmt":"2016-10-02T21:56:53","guid":{"rendered":"http:\/\/www.atelierdesylvie.be\/?p=1175"},"modified":"2016-10-02T22:58:00","modified_gmt":"2016-10-02T21:58:00","slug":"venez-nous-voir-au-salon-marry-me","status":"publish","type":"post","link":"http:\/\/www.atelierdesylvie.be\/?p=1175","title":{"rendered":"L&rsquo;Atelier au Salon Marry me"},"content":{"rendered":"<p style=\"text-align: center;\">A vos agendas!<\/p>\n<p style=\"text-align: center;\">Pour la deuxi\u00e8me ann\u00e9e cons\u00e9cutive, l&rsquo;atelier de Sylvie sera pr\u00e9sent au Salon <a href=\"http:\/\/www.marrymebylabelle.com\/\">Marry Me<\/a><\/p>\n<p style=\"text-align: center;\">les 21 et 22 octobre 2016<\/p>\n<p style=\"text-align: center;\">Le 202<br \/>\nChauss\u00e9e de Bondael 202<br \/>\n1050 Bruxelles<\/p>\n<p style=\"text-align: center;\">L&rsquo;Atelier de Sylvie vous propose \u00e0 cette occasion d\u00e9gustations et plusieurs solutions pour rendre vos desserts exceptionnels et originaux.<\/p>\n<p style=\"text-align: center;\">D\u00e9gustations, cadeaux et discussions sont au programme!<\/p>\n<p style=\"text-align: center;\">\n","protected":false},"excerpt":{"rendered":"<p>A vos agendas! Pour la deuxi\u00e8me ann\u00e9e cons\u00e9cutive, l&rsquo;atelier de Sylvie sera pr\u00e9sent au Salon&#8230;<\/p>\n<div class=\"more-link-wrapper\"><a class=\"more-link\" href=\"http:\/\/www.atelierdesylvie.be\/?p=1175\">Read the post<span class=\"screen-reader-text\">L&rsquo;Atelier au Salon Marry me<\/span><\/a><\/div>\n","protected":false},"author":1,"featured_media":1177,"comment_status":"open","ping_status":"open","sticky":false,"template":"","format":"standard","meta":[],"categories":[66,87,59],"tags":[30,35,34],"_links":{"self":[{"href":"http:\/\/www.atelierdesylvie.be\/index.php?rest_route=\/wp\/v2\/posts\/1175"}],"collection":[{"href":"http:\/\/www.atelierdesylvie.be\/index.php?rest_route=\/wp\/v2\/posts"}],"about":[{"href":"http:\/\/www.atelierdesylvie.be\/index.php?rest_route=\/wp\/v2\/types\/post"}],"author":[{"embeddable":true,"href":"http:\/\/www.atelierdesylvie.be\/index.php?rest_route=\/wp\/v2\/users\/1"}],"replies":[{"embeddable":true,"href":"http:\/\/www.atelierdesylvie.be\/index.php?rest_route=%2Fwp%2Fv2%2Fcomments&post=1175"}],"version-history":[{"count":4,"href":"http:\/\/www.atelierdesylvie.be\/index.php?rest_route=\/wp\/v2\/posts\/1175\/revisions"}],"predecessor-version":[{"id":1181,"href":"http:\/\/www.atelierdesylvie.be\/index.php?rest_route=\/wp\/v2\/posts\/1175\/revisions\/1181"}],"wp:featuredmedia":[{"embeddable":true,"href":"http:\/\/www.atelierdesylvie.be\/index.php?rest_route=\/wp\/v2\/media\/1177"}],"wp:attachment":[{"href":"http:\/\/www.atelierdesylvie.be\/index.php?rest_route=%2Fwp%2Fv2%2Fmedia&parent=1175"}],"wp:term":[{"taxonomy":"category","embeddable":true,"href":"http:\/\/www.atelierdesylvie.be\/index.php?rest_route=%2Fwp%2Fv2%2Fcategories&post=1175"},{"taxonomy":"post_tag","embeddable":true,"href":"http:\/\/www.atelierdesylvie.be\/index.php?rest_route=%2Fwp%2Fv2%2Ftags&post=1175"}],"curies":[{"name":"wp","href":"https:\/\/api.w.org\/{rel}","templated":true}]}}