{"id":1248,"date":"2017-02-07T17:13:06","date_gmt":"2017-02-07T16:13:06","guid":{"rendered":"http:\/\/www.atelierdesylvie.be\/?p=1248"},"modified":"2017-05-03T20:54:06","modified_gmt":"2017-05-03T19:54:06","slug":"atelier-piece-montee-elsa","status":"publish","type":"post","link":"https:\/\/www.atelierdesylvie.be\/?p=1248","title":{"rendered":"Cours \u00ab\u00a0Pi\u00e8ce mont\u00e9e Elsa\u00a0\u00bb"},"content":{"rendered":"<p>Les lundis 20 et 27 mars\u00a0de 19h \u00e0 22h, l\u2019Atelier de Sylvie vous propose de r\u00e9aliser la <strong>\u00ab\u00a0pi\u00e8ce mont\u00e9e d&rsquo;Elsa\u00a0\u00bb<\/strong>.<\/p>\n<p>Au programme\u00a0:<\/p>\n<p>Jour 1:<\/p>\n<ul>\n<li>Confection d\u2019un biscuit type g\u00e9noise pour chaque participant<img decoding=\"async\" loading=\"lazy\" class=\" wp-image-1251 alignright\" src=\"http:\/\/www.atelierdesylvie.be\/wp-content\/uploads\/2017\/02\/elsa-PM-195x300.jpg\" alt=\"elsa PM\" width=\"357\" height=\"549\" srcset=\"https:\/\/www.atelierdesylvie.be\/wp-content\/uploads\/2017\/02\/elsa-PM-195x300.jpg 195w, https:\/\/www.atelierdesylvie.be\/wp-content\/uploads\/2017\/02\/elsa-PM-227x350.jpg 227w, https:\/\/www.atelierdesylvie.be\/wp-content\/uploads\/2017\/02\/elsa-PM.jpg 526w\" sizes=\"(max-width: 357px) 100vw, 357px\" \/><\/li>\n<li>R\u00e9alisation d&rsquo;un fourrage chocolat et d&rsquo;une ganache<\/li>\n<li>Apprentissage du lissage et de la pr\u00e9paration en vue du recouvrement du g\u00e2teau<\/li>\n<\/ul>\n<p>Jour 2:<\/p>\n<ul>\n<li>Recouvrement des g\u00e2teaux<\/li>\n<li>Apprentissage des techniques de superposition des g\u00e2teaux<\/li>\n<li>Confection des d\u00e9cors en p\u00e2te \u00e0 sucre<\/li>\n<li>R\u00e9ponses \u00e0 toutes vos questions sur les diff\u00e9rentes \u00e9tapes<\/li>\n<li>Trucs et astuces pour r\u00e9ussir votre pi\u00e8ce mont\u00e9e<\/li>\n<\/ul>\n<h4>Mat\u00e9riel\u00a0:<\/h4>\n<ul>\n<li>Le mat\u00e9riel (outillage et mati\u00e8res premi\u00e8res) est bien s\u00fbr mis \u00e0 votre disposition<\/li>\n<li><strong>Vous repartez avec votre chef d\u2019\u0153uvre et plein de bonnes astuces<\/strong><\/li>\n<\/ul>\n<h4>Pratiquement:<\/h4>\n<ul>\n<li>L&rsquo;atelier se d\u00e9roule rue Van Soust 610, 1700 Dilbeek.<\/li>\n<li>Date: les lundis 20 et le 27 mars de 19h \u00e0 22h.<\/li>\n<li>Prix: 150\u20ac TVA compris<\/li>\n<li>Acompte: 50% payable 7 jours avant l&rsquo;atelier<\/li>\n<li>Nombre de participants maximum: 6<\/li>\n<li>Mat\u00e9riel requis: votre bonne humeur!<\/li>\n<\/ul>\n<h4>Autres: <a href=\"http:\/\/www.atelierdesylvie.be\/?page_id=1013\">ateliers sur demande pour les groupes de 6 \u00e0 8 personnes<\/a><\/h4>\n","protected":false},"excerpt":{"rendered":"<p>Les lundis 20 et 27 mars\u00a0de 19h \u00e0 22h, l\u2019Atelier de Sylvie vous propose de&#8230;<\/p>\n<div class=\"more-link-wrapper\"><a class=\"more-link\" href=\"https:\/\/www.atelierdesylvie.be\/?p=1248\">Read the post<span class=\"screen-reader-text\">Cours \u00ab\u00a0Pi\u00e8ce mont\u00e9e Elsa\u00a0\u00bb<\/span><\/a><\/div>\n","protected":false},"author":1,"featured_media":1268,"comment_status":"open","ping_status":"open","sticky":false,"template":"","format":"standard","meta":[],"categories":[1],"tags":[],"_links":{"self":[{"href":"https:\/\/www.atelierdesylvie.be\/index.php?rest_route=\/wp\/v2\/posts\/1248"}],"collection":[{"href":"https:\/\/www.atelierdesylvie.be\/index.php?rest_route=\/wp\/v2\/posts"}],"about":[{"href":"https:\/\/www.atelierdesylvie.be\/index.php?rest_route=\/wp\/v2\/types\/post"}],"author":[{"embeddable":true,"href":"https:\/\/www.atelierdesylvie.be\/index.php?rest_route=\/wp\/v2\/users\/1"}],"replies":[{"embeddable":true,"href":"https:\/\/www.atelierdesylvie.be\/index.php?rest_route=%2Fwp%2Fv2%2Fcomments&post=1248"}],"version-history":[{"count":9,"href":"https:\/\/www.atelierdesylvie.be\/index.php?rest_route=\/wp\/v2\/posts\/1248\/revisions"}],"predecessor-version":[{"id":1273,"href":"https:\/\/www.atelierdesylvie.be\/index.php?rest_route=\/wp\/v2\/posts\/1248\/revisions\/1273"}],"wp:featuredmedia":[{"embeddable":true,"href":"https:\/\/www.atelierdesylvie.be\/index.php?rest_route=\/wp\/v2\/media\/1268"}],"wp:attachment":[{"href":"https:\/\/www.atelierdesylvie.be\/index.php?rest_route=%2Fwp%2Fv2%2Fmedia&parent=1248"}],"wp:term":[{"taxonomy":"category","embeddable":true,"href":"https:\/\/www.atelierdesylvie.be\/index.php?rest_route=%2Fwp%2Fv2%2Fcategories&post=1248"},{"taxonomy":"post_tag","embeddable":true,"href":"https:\/\/www.atelierdesylvie.be\/index.php?rest_route=%2Fwp%2Fv2%2Ftags&post=1248"}],"curies":[{"name":"wp","href":"https:\/\/api.w.org\/{rel}","templated":true}]}}