{"id":1590,"date":"2019-01-29T22:48:20","date_gmt":"2019-01-29T21:48:20","guid":{"rendered":"http:\/\/www.atelierdesylvie.be\/?p=1590"},"modified":"2019-01-30T20:33:10","modified_gmt":"2019-01-30T19:33:10","slug":"biscuits-artisanaux-moins-de-dechet-et-plus-de-transparence","status":"publish","type":"post","link":"https:\/\/www.atelierdesylvie.be\/?p=1590","title":{"rendered":"Moins de d\u00e9chets et plus de transparence"},"content":{"rendered":"<p>&nbsp;<\/p>\n<p><strong><img decoding=\"async\" loading=\"lazy\" class=\"size-medium wp-image-1550 alignleft\" src=\"http:\/\/www.atelierdesylvie.be\/wp-content\/uploads\/2019\/01\/StNicolas-22-300x200.jpg\" alt=\"\" width=\"300\" height=\"200\" srcset=\"https:\/\/www.atelierdesylvie.be\/wp-content\/uploads\/2019\/01\/StNicolas-22-300x200.jpg 300w, https:\/\/www.atelierdesylvie.be\/wp-content\/uploads\/2019\/01\/StNicolas-22-768x513.jpg 768w, https:\/\/www.atelierdesylvie.be\/wp-content\/uploads\/2019\/01\/StNicolas-22-1024x684.jpg 1024w\" sizes=\"(max-width: 300px) 100vw, 300px\" \/><\/strong><\/p>\n<p>Pour agr\u00e9menter le go\u00fbter de vos enfants mais aussi pour r\u00e9duire les d\u00e9chets et identifier enfin la nature des ingr\u00e9dients, nous vous proposons nos d\u00e9licieux biscuits maison.<\/p>\n<p>Chaque semaine, nous vous proposons un <em>assortiment de biscuits (3 sortes)<\/em> dont les recettes varient pour multiplier les plaisirs.<\/p>\n<p>&nbsp;<\/p>\n<p><strong><em>Moins de sucre, plus de bio\/local et plus de transparence<\/em><\/strong><\/p>\n<ul>\n<li>Une partie des ingr\u00e9dients de base \u00e0 savoir la farine, le sucre de canne, le lait et les fruits sont bio et\/ou locaux.<\/li>\n<li>Les recettes tendent vers une diminution de la quantit\u00e9 de sucre.<\/li>\n<li>L&rsquo;ensemble des ingr\u00e9dients est clairement identifi\u00e9. Plus d&rsquo;incompr\u00e9hension et de surprise \u00e0 la lecture d&rsquo;une \u00e9tiquette<\/li>\n<\/ul>\n<p>&nbsp;<\/p>\n<p><img decoding=\"async\" loading=\"lazy\" class=\"size-medium wp-image-1551 alignright\" src=\"http:\/\/www.atelierdesylvie.be\/wp-content\/uploads\/2019\/01\/IMG_3119-300x225.jpg\" alt=\"\" width=\"300\" height=\"225\" srcset=\"https:\/\/www.atelierdesylvie.be\/wp-content\/uploads\/2019\/01\/IMG_3119-300x225.jpg 300w, https:\/\/www.atelierdesylvie.be\/wp-content\/uploads\/2019\/01\/IMG_3119-768x576.jpg 768w, https:\/\/www.atelierdesylvie.be\/wp-content\/uploads\/2019\/01\/IMG_3119-1024x768.jpg 1024w\" sizes=\"(max-width: 300px) 100vw, 300px\" \/><strong style=\"font-size: 1em;\">Z\u00e9ro d\u00e9chet<\/strong><\/p>\n<ul>\n<li>Si les \u00e9coles promeuvent le z\u00e9ro d\u00e9chet, les emballages de biscuits finissent au final dans vos poubelles.<\/li>\n<li>La solution est de r\u00e9aliser soi-m\u00eame ses biscuits\u00a0(<a href=\"http:\/\/www.atelierdesylvie.be\/?page_id=1420\">agenda des cours 2019<\/a>) mais pour certains, le temps et l&rsquo;envie manquent.<\/li>\n<li>Pour limiter les d\u00e9chets, nous conditionnons les biscuits dans des bocaux r\u00e9utilisables.<\/li>\n<\/ul>\n<p><strong>Le prix de nos biscuits est de 13\u20ac\/500g + une caution de 2.50\u20ac pour le contenant (bocaux r\u00e9utilisables).<\/strong><\/p>\n<p>Contactez-nous (0495\/12 87 72 &#8211; info@atelierdesylvie.be) et nous vous acceuillerons \u00e0 l&rsquo;atelier pour en discuter.<\/p>\n","protected":false},"excerpt":{"rendered":"<p>&nbsp; Pour agr\u00e9menter le go\u00fbter de vos enfants mais aussi pour r\u00e9duire les d\u00e9chets et&#8230;<\/p>\n<div class=\"more-link-wrapper\"><a class=\"more-link\" href=\"https:\/\/www.atelierdesylvie.be\/?p=1590\">Read the post<span class=\"screen-reader-text\">Moins de d\u00e9chets et plus de transparence<\/span><\/a><\/div>\n","protected":false},"author":1,"featured_media":1596,"comment_status":"open","ping_status":"open","sticky":false,"template":"","format":"standard","meta":[],"categories":[105,60,1,106],"tags":[27,68,82,17,107],"_links":{"self":[{"href":"https:\/\/www.atelierdesylvie.be\/index.php?rest_route=\/wp\/v2\/posts\/1590"}],"collection":[{"href":"https:\/\/www.atelierdesylvie.be\/index.php?rest_route=\/wp\/v2\/posts"}],"about":[{"href":"https:\/\/www.atelierdesylvie.be\/index.php?rest_route=\/wp\/v2\/types\/post"}],"author":[{"embeddable":true,"href":"https:\/\/www.atelierdesylvie.be\/index.php?rest_route=\/wp\/v2\/users\/1"}],"replies":[{"embeddable":true,"href":"https:\/\/www.atelierdesylvie.be\/index.php?rest_route=%2Fwp%2Fv2%2Fcomments&post=1590"}],"version-history":[{"count":7,"href":"https:\/\/www.atelierdesylvie.be\/index.php?rest_route=\/wp\/v2\/posts\/1590\/revisions"}],"predecessor-version":[{"id":1604,"href":"https:\/\/www.atelierdesylvie.be\/index.php?rest_route=\/wp\/v2\/posts\/1590\/revisions\/1604"}],"wp:featuredmedia":[{"embeddable":true,"href":"https:\/\/www.atelierdesylvie.be\/index.php?rest_route=\/wp\/v2\/media\/1596"}],"wp:attachment":[{"href":"https:\/\/www.atelierdesylvie.be\/index.php?rest_route=%2Fwp%2Fv2%2Fmedia&parent=1590"}],"wp:term":[{"taxonomy":"category","embeddable":true,"href":"https:\/\/www.atelierdesylvie.be\/index.php?rest_route=%2Fwp%2Fv2%2Fcategories&post=1590"},{"taxonomy":"post_tag","embeddable":true,"href":"https:\/\/www.atelierdesylvie.be\/index.php?rest_route=%2Fwp%2Fv2%2Ftags&post=1590"}],"curies":[{"name":"wp","href":"https:\/\/api.w.org\/{rel}","templated":true}]}}