{"id":400,"date":"2014-12-03T20:16:30","date_gmt":"2014-12-03T19:16:30","guid":{"rendered":"http:\/\/www.atelierdesylvie.be\/?p=400"},"modified":"2014-12-03T20:18:35","modified_gmt":"2014-12-03T19:18:35","slug":"piece-montee-pour-le-fc-forest","status":"publish","type":"post","link":"https:\/\/www.atelierdesylvie.be\/?p=400","title":{"rendered":"Pi\u00e8ce mont\u00e9e pour le FC Forest"},"content":{"rendered":"<p>Le FC Forest f\u00eatait le 26 octobre l&rsquo;anniversaire de Parfait Mandanda.\u00a0Gardien de but au\u00a0Sporting de Charleroi, l&rsquo;homme du jour est devenu mercredi Pr\u00e9sident d&rsquo;honneur du Club de Forest.<\/p>\n<p>Pour cette occasion, le Club nous a confi\u00e9 la mission de r\u00e9aliser une pi\u00e8ce mont\u00e9e en son honneur.<\/p>\n<p>Nous avons propos\u00e9\u00a0deux entremets\u00a0Croquants\u00a0chocolat et deux Bavarois framboises. Un ballon de foot cr\u00e8me vanille et framboise rehaussait l&rsquo;ensemble.<\/p>\n<p>Merci \u00e0 St\u00e9phane et \u00e0 Amel pour leur confiance<\/p>\n<p><a href=\"http:\/\/www.atelierdesylvie.be\/wp-content\/uploads\/2014\/11\/MG_8129.jpg\"><img decoding=\"async\" loading=\"lazy\" class=\"alignnone size-medium wp-image-386\" src=\"http:\/\/www.atelierdesylvie.be\/wp-content\/uploads\/2014\/11\/MG_8129-300x200.jpg\" alt=\"Croquant chocolat\" width=\"300\" height=\"200\" srcset=\"https:\/\/www.atelierdesylvie.be\/wp-content\/uploads\/2014\/11\/MG_8129-300x200.jpg 300w, https:\/\/www.atelierdesylvie.be\/wp-content\/uploads\/2014\/11\/MG_8129-1024x682.jpg 1024w, https:\/\/www.atelierdesylvie.be\/wp-content\/uploads\/2014\/11\/MG_8129-525x350.jpg 525w\" sizes=\"(max-width: 300px) 100vw, 300px\" \/><\/a> <a href=\"http:\/\/www.atelierdesylvie.be\/wp-content\/uploads\/2014\/11\/MG_8103.jpg\"><img decoding=\"async\" loading=\"lazy\" class=\"alignnone size-medium wp-image-387\" src=\"http:\/\/www.atelierdesylvie.be\/wp-content\/uploads\/2014\/11\/MG_8103-300x200.jpg\" alt=\"Ballon de foot\" width=\"300\" height=\"200\" srcset=\"https:\/\/www.atelierdesylvie.be\/wp-content\/uploads\/2014\/11\/MG_8103-300x200.jpg 300w, https:\/\/www.atelierdesylvie.be\/wp-content\/uploads\/2014\/11\/MG_8103-1024x682.jpg 1024w, https:\/\/www.atelierdesylvie.be\/wp-content\/uploads\/2014\/11\/MG_8103-525x350.jpg 525w\" sizes=\"(max-width: 300px) 100vw, 300px\" \/><\/a><\/p>\n<p>&nbsp;<\/p>\n","protected":false},"excerpt":{"rendered":"<p>Le FC Forest f\u00eatait le 26 octobre l&rsquo;anniversaire de Parfait Mandanda.\u00a0Gardien de but au\u00a0Sporting de&#8230;<\/p>\n<div class=\"more-link-wrapper\"><a class=\"more-link\" href=\"https:\/\/www.atelierdesylvie.be\/?p=400\">Read the post<span class=\"screen-reader-text\">Pi\u00e8ce mont\u00e9e pour le FC Forest<\/span><\/a><\/div>\n","protected":false},"author":1,"featured_media":403,"comment_status":"open","ping_status":"open","sticky":false,"template":"","format":"standard","meta":[],"categories":[1],"tags":[],"_links":{"self":[{"href":"https:\/\/www.atelierdesylvie.be\/index.php?rest_route=\/wp\/v2\/posts\/400"}],"collection":[{"href":"https:\/\/www.atelierdesylvie.be\/index.php?rest_route=\/wp\/v2\/posts"}],"about":[{"href":"https:\/\/www.atelierdesylvie.be\/index.php?rest_route=\/wp\/v2\/types\/post"}],"author":[{"embeddable":true,"href":"https:\/\/www.atelierdesylvie.be\/index.php?rest_route=\/wp\/v2\/users\/1"}],"replies":[{"embeddable":true,"href":"https:\/\/www.atelierdesylvie.be\/index.php?rest_route=%2Fwp%2Fv2%2Fcomments&post=400"}],"version-history":[{"count":2,"href":"https:\/\/www.atelierdesylvie.be\/index.php?rest_route=\/wp\/v2\/posts\/400\/revisions"}],"predecessor-version":[{"id":404,"href":"https:\/\/www.atelierdesylvie.be\/index.php?rest_route=\/wp\/v2\/posts\/400\/revisions\/404"}],"wp:featuredmedia":[{"embeddable":true,"href":"https:\/\/www.atelierdesylvie.be\/index.php?rest_route=\/wp\/v2\/media\/403"}],"wp:attachment":[{"href":"https:\/\/www.atelierdesylvie.be\/index.php?rest_route=%2Fwp%2Fv2%2Fmedia&parent=400"}],"wp:term":[{"taxonomy":"category","embeddable":true,"href":"https:\/\/www.atelierdesylvie.be\/index.php?rest_route=%2Fwp%2Fv2%2Fcategories&post=400"},{"taxonomy":"post_tag","embeddable":true,"href":"https:\/\/www.atelierdesylvie.be\/index.php?rest_route=%2Fwp%2Fv2%2Ftags&post=400"}],"curies":[{"name":"wp","href":"https:\/\/api.w.org\/{rel}","templated":true}]}}