{"id":405,"date":"2014-12-09T21:37:09","date_gmt":"2014-12-09T20:37:09","guid":{"rendered":"http:\/\/www.atelierdesylvie.be\/?p=405"},"modified":"2014-12-10T23:19:44","modified_gmt":"2014-12-10T22:19:44","slug":"commandez-votre-dessert-de-fete","status":"publish","type":"post","link":"https:\/\/www.atelierdesylvie.be\/?p=405","title":{"rendered":"Commandez votre dessert de f\u00eate!"},"content":{"rendered":"<p>&nbsp;<\/p>\n<p>C&rsquo;est d\u00e9sormais le moment de pr\u00e9parer votre Menu de f\u00eate et de commander!<\/p>\n<p>L&rsquo;Atelier de Sylvie est fin pr\u00eat pour vous aider avec ses desserts de f\u00eate!<\/p>\n<p><strong><a href=\"http:\/\/www.atelierdesylvie.be\/wp-content\/uploads\/2014\/12\/MG_8462.jpg\"><img decoding=\"async\" loading=\"lazy\" class=\"size-medium wp-image-408 alignleft\" src=\"http:\/\/www.atelierdesylvie.be\/wp-content\/uploads\/2014\/12\/MG_8462-300x200.jpg\" alt=\"Fraicheur Framboise\" width=\"300\" height=\"200\" srcset=\"https:\/\/www.atelierdesylvie.be\/wp-content\/uploads\/2014\/12\/MG_8462-300x200.jpg 300w, https:\/\/www.atelierdesylvie.be\/wp-content\/uploads\/2014\/12\/MG_8462-1024x683.jpg 1024w, https:\/\/www.atelierdesylvie.be\/wp-content\/uploads\/2014\/12\/MG_8462-524x350.jpg 524w\" sizes=\"(max-width: 300px) 100vw, 300px\" \/><\/a>Fraicheur Framboise<br \/>\n<\/strong>Mousse l\u00e9g\u00e8re framboise relev\u00e9e d\u2019un insert fruits rouges et d\u2019un biscuit moelleux cacao amande<br \/>\n4\u20ac p.pers.<\/p>\n<p>&nbsp;<\/p>\n<p>&nbsp;<\/p>\n<p>&nbsp;<\/p>\n<p><strong>Choc intense<\/strong><a href=\"http:\/\/www.atelierdesylvie.be\/wp-content\/uploads\/2014\/12\/MG_8516.jpg\"><img decoding=\"async\" loading=\"lazy\" class=\"size-medium wp-image-410 alignleft\" src=\"http:\/\/www.atelierdesylvie.be\/wp-content\/uploads\/2014\/12\/MG_8516-300x199.jpg\" alt=\"Choc intense\" width=\"300\" height=\"199\" srcset=\"https:\/\/www.atelierdesylvie.be\/wp-content\/uploads\/2014\/12\/MG_8516-300x199.jpg 300w, https:\/\/www.atelierdesylvie.be\/wp-content\/uploads\/2014\/12\/MG_8516-1024x682.jpg 1024w, https:\/\/www.atelierdesylvie.be\/wp-content\/uploads\/2014\/12\/MG_8516-525x350.jpg 525w\" sizes=\"(max-width: 300px) 100vw, 300px\" \/><\/a><br \/>\nMousse chocolat noir intense sur de la feuillantine pralin\u00e9e croustillante et un biscuit aux amandes<br \/>\n4\u20ac p.pers.<\/p>\n<p>&nbsp;<\/p>\n<p>&nbsp;<\/p>\n<p>&nbsp;<\/p>\n<p><a href=\"http:\/\/www.atelierdesylvie.be\/wp-content\/uploads\/2014\/12\/MG_8569.jpg\"><img decoding=\"async\" loading=\"lazy\" class=\"size-medium wp-image-411 alignleft\" src=\"http:\/\/www.atelierdesylvie.be\/wp-content\/uploads\/2014\/12\/MG_8569-300x199.jpg\" alt=\"Sensation Moka \" width=\"300\" height=\"199\" srcset=\"https:\/\/www.atelierdesylvie.be\/wp-content\/uploads\/2014\/12\/MG_8569-300x199.jpg 300w, https:\/\/www.atelierdesylvie.be\/wp-content\/uploads\/2014\/12\/MG_8569-1024x682.jpg 1024w, https:\/\/www.atelierdesylvie.be\/wp-content\/uploads\/2014\/12\/MG_8569-525x350.jpg 525w\" sizes=\"(max-width: 300px) 100vw, 300px\" \/><\/a><\/p>\n<p><strong>Sensation Moka<\/strong><br \/>\nG\u00e9noise au sirop de caf\u00e9, saupoudr\u00e9e de noisettes concass\u00e9es caram\u00e9lis\u00e9es, cr\u00e8me l\u00e9g\u00e8re au beurre caf\u00e9 sur un biscuit viennois<br \/>\n4\u20ac p.pers.<\/p>\n<p>&nbsp;<\/p>\n<p>&nbsp;<\/p>\n<p>&nbsp;<\/p>\n<p><strong>Cr\u00e8me douce aux fruits<\/strong><br \/>\nBiscuit de Savoie relev\u00e9s par un sirop de fruits rouges recouverts de cr\u00e8me l\u00e9g\u00e8re et de fruits frais sur un biscuit sabl\u00e9<br \/>\n4\u20ac p.pers<\/p>\n<p><strong><a href=\"http:\/\/www.atelierdesylvie.be\/wp-content\/uploads\/2014\/10\/assortiment.jpg\"><img decoding=\"async\" loading=\"lazy\" class=\"size-medium wp-image-169 alignleft\" src=\"http:\/\/www.atelierdesylvie.be\/wp-content\/uploads\/2014\/10\/assortiment-300x207.jpg\" alt=\"Assortiment\" width=\"300\" height=\"207\" srcset=\"https:\/\/www.atelierdesylvie.be\/wp-content\/uploads\/2014\/10\/assortiment-300x207.jpg 300w, https:\/\/www.atelierdesylvie.be\/wp-content\/uploads\/2014\/10\/assortiment-1024x709.jpg 1024w, https:\/\/www.atelierdesylvie.be\/wp-content\/uploads\/2014\/10\/assortiment-505x350.jpg 505w\" sizes=\"(max-width: 300px) 100vw, 300px\" \/><\/a>Dessert gourmand<\/strong><br \/>\nAssortiment de g\u00e2teaux r\u00e9ductions<br \/>\n4\u20ac p.pers.<\/p>\n<p>&nbsp;<\/p>\n<p>&nbsp;<\/p>\n<p>&nbsp;<\/p>\n<h3>N&rsquo;h\u00e9sitez \u00e0 me <a title=\"Contact\" href=\"http:\/\/www.atelierdesylvie.be\/?page_id=208\">contacter<\/a> si vous avez des questions!<\/h3>\n","protected":false},"excerpt":{"rendered":"<p>&nbsp; C&rsquo;est d\u00e9sormais le moment de pr\u00e9parer votre Menu de f\u00eate et de commander! L&rsquo;Atelier&#8230;<\/p>\n<div class=\"more-link-wrapper\"><a class=\"more-link\" href=\"https:\/\/www.atelierdesylvie.be\/?p=405\">Read the post<span class=\"screen-reader-text\">Commandez votre dessert de f\u00eate!<\/span><\/a><\/div>\n","protected":false},"author":1,"featured_media":410,"comment_status":"open","ping_status":"open","sticky":false,"template":"","format":"standard","meta":[],"categories":[1],"tags":[],"_links":{"self":[{"href":"https:\/\/www.atelierdesylvie.be\/index.php?rest_route=\/wp\/v2\/posts\/405"}],"collection":[{"href":"https:\/\/www.atelierdesylvie.be\/index.php?rest_route=\/wp\/v2\/posts"}],"about":[{"href":"https:\/\/www.atelierdesylvie.be\/index.php?rest_route=\/wp\/v2\/types\/post"}],"author":[{"embeddable":true,"href":"https:\/\/www.atelierdesylvie.be\/index.php?rest_route=\/wp\/v2\/users\/1"}],"replies":[{"embeddable":true,"href":"https:\/\/www.atelierdesylvie.be\/index.php?rest_route=%2Fwp%2Fv2%2Fcomments&post=405"}],"version-history":[{"count":4,"href":"https:\/\/www.atelierdesylvie.be\/index.php?rest_route=\/wp\/v2\/posts\/405\/revisions"}],"predecessor-version":[{"id":415,"href":"https:\/\/www.atelierdesylvie.be\/index.php?rest_route=\/wp\/v2\/posts\/405\/revisions\/415"}],"wp:featuredmedia":[{"embeddable":true,"href":"https:\/\/www.atelierdesylvie.be\/index.php?rest_route=\/wp\/v2\/media\/410"}],"wp:attachment":[{"href":"https:\/\/www.atelierdesylvie.be\/index.php?rest_route=%2Fwp%2Fv2%2Fmedia&parent=405"}],"wp:term":[{"taxonomy":"category","embeddable":true,"href":"https:\/\/www.atelierdesylvie.be\/index.php?rest_route=%2Fwp%2Fv2%2Fcategories&post=405"},{"taxonomy":"post_tag","embeddable":true,"href":"https:\/\/www.atelierdesylvie.be\/index.php?rest_route=%2Fwp%2Fv2%2Ftags&post=405"}],"curies":[{"name":"wp","href":"https:\/\/api.w.org\/{rel}","templated":true}]}}