{"id":512,"date":"2015-02-11T21:11:09","date_gmt":"2015-02-11T20:11:09","guid":{"rendered":"http:\/\/www.atelierdesylvie.be\/?p=512"},"modified":"2015-03-12T14:55:10","modified_gmt":"2015-03-12T13:55:10","slug":"elsa-reine-des-enfants","status":"publish","type":"post","link":"https:\/\/www.atelierdesylvie.be\/?p=512","title":{"rendered":"Elsa, reine des enfants!"},"content":{"rendered":"<p>On en parle entre parents, \u00e0 la radio, \u00e0 la t\u00e9l\u00e9, la Reine des neiges est sans conteste la reine de nos petites filles voire m\u00eame\u00a0de nos petits gar\u00e7ons. Devenue verre d&rsquo;oreille, la chanson d&rsquo;Elsa, si elle n&rsquo;est pas chant\u00e9e au r\u00e9veil, reste dans notre t\u00eate toute la journ\u00e9e!!!<\/p>\n<p>Pas de solution dans cet article, juste une envie de faire plaisir aux enfants qui aiment se projeter dans la vie d&rsquo;une Reine pour le moins inhabituelle.<\/p>\n<div id='gallery-1' class='gallery galleryid-512 gallery-columns-3 gallery-size-thumbnail'><figure class='gallery-item'>\n\t\t\t<div class='gallery-icon landscape'>\n\t\t\t\t<a href='https:\/\/www.atelierdesylvie.be\/?attachment_id=507'><img width=\"150\" height=\"150\" src=\"https:\/\/www.atelierdesylvie.be\/wp-content\/uploads\/2015\/02\/elsa-150x150.jpg\" class=\"attachment-thumbnail size-thumbnail\" alt=\"\" decoding=\"async\" loading=\"lazy\" \/><\/a>\n\t\t\t<\/div><\/figure><figure class='gallery-item'>\n\t\t\t<div class='gallery-icon portrait'>\n\t\t\t\t<a href='https:\/\/www.atelierdesylvie.be\/?attachment_id=517'><img width=\"150\" height=\"150\" src=\"https:\/\/www.atelierdesylvie.be\/wp-content\/uploads\/2015\/03\/20150226_163452-150x150.jpg\" class=\"attachment-thumbnail size-thumbnail\" alt=\"\" decoding=\"async\" loading=\"lazy\" \/><\/a>\n\t\t\t<\/div><\/figure><figure class='gallery-item'>\n\t\t\t<div class='gallery-icon portrait'>\n\t\t\t\t<a href='https:\/\/www.atelierdesylvie.be\/?attachment_id=510'><img width=\"150\" height=\"150\" src=\"https:\/\/www.atelierdesylvie.be\/wp-content\/uploads\/2015\/02\/IMG_5691-150x150.jpg\" class=\"attachment-thumbnail size-thumbnail\" alt=\"\" decoding=\"async\" loading=\"lazy\" \/><\/a>\n\t\t\t<\/div><\/figure>\n\t\t<\/div>\n\n","protected":false},"excerpt":{"rendered":"<p>On en parle entre parents, \u00e0 la radio, \u00e0 la t\u00e9l\u00e9, la Reine des neiges&#8230;<\/p>\n<div class=\"more-link-wrapper\"><a class=\"more-link\" href=\"https:\/\/www.atelierdesylvie.be\/?p=512\">Read the post<span class=\"screen-reader-text\">Elsa, reine des enfants!<\/span><\/a><\/div>\n","protected":false},"author":1,"featured_media":517,"comment_status":"open","ping_status":"open","sticky":false,"template":"","format":"standard","meta":[],"categories":[1],"tags":[23,21,24,22],"_links":{"self":[{"href":"https:\/\/www.atelierdesylvie.be\/index.php?rest_route=\/wp\/v2\/posts\/512"}],"collection":[{"href":"https:\/\/www.atelierdesylvie.be\/index.php?rest_route=\/wp\/v2\/posts"}],"about":[{"href":"https:\/\/www.atelierdesylvie.be\/index.php?rest_route=\/wp\/v2\/types\/post"}],"author":[{"embeddable":true,"href":"https:\/\/www.atelierdesylvie.be\/index.php?rest_route=\/wp\/v2\/users\/1"}],"replies":[{"embeddable":true,"href":"https:\/\/www.atelierdesylvie.be\/index.php?rest_route=%2Fwp%2Fv2%2Fcomments&post=512"}],"version-history":[{"count":3,"href":"https:\/\/www.atelierdesylvie.be\/index.php?rest_route=\/wp\/v2\/posts\/512\/revisions"}],"predecessor-version":[{"id":519,"href":"https:\/\/www.atelierdesylvie.be\/index.php?rest_route=\/wp\/v2\/posts\/512\/revisions\/519"}],"wp:featuredmedia":[{"embeddable":true,"href":"https:\/\/www.atelierdesylvie.be\/index.php?rest_route=\/wp\/v2\/media\/517"}],"wp:attachment":[{"href":"https:\/\/www.atelierdesylvie.be\/index.php?rest_route=%2Fwp%2Fv2%2Fmedia&parent=512"}],"wp:term":[{"taxonomy":"category","embeddable":true,"href":"https:\/\/www.atelierdesylvie.be\/index.php?rest_route=%2Fwp%2Fv2%2Fcategories&post=512"},{"taxonomy":"post_tag","embeddable":true,"href":"https:\/\/www.atelierdesylvie.be\/index.php?rest_route=%2Fwp%2Fv2%2Ftags&post=512"}],"curies":[{"name":"wp","href":"https:\/\/api.w.org\/{rel}","templated":true}]}}