{"id":630,"date":"2015-04-26T21:15:42","date_gmt":"2015-04-26T20:15:42","guid":{"rendered":"http:\/\/www.atelierdesylvie.be\/?p=630"},"modified":"2015-04-26T21:27:36","modified_gmt":"2015-04-26T20:27:36","slug":"vives-les-fruits","status":"publish","type":"post","link":"https:\/\/www.atelierdesylvie.be\/?p=630","title":{"rendered":"Vives les fruits savoureux"},"content":{"rendered":"<p>Les fraises et surtout leur saveur sont de retour! Un avant-go\u00fbt de ce que les beaux jours nous r\u00e9servent.<\/p>\n<p>Sylvie vous propose de mettre en sc\u00e8ne les fruits de saison sur une p\u00e2te sabl\u00e9e recouverte de cr\u00e8me vanille ou sur une p\u00e2te \u00e0 tarte recouverte de cr\u00e8me p\u00e2tissi\u00e8re.<\/p>\n<p><a title=\"Tartes\" href=\"http:\/\/www.atelierdesylvie.be\/?page_id=330\">D&rsquo;autres tartes vous sont propos\u00e9es<\/a>. Parmi elles, la cro\u00fbte au citron meringu\u00e9e, la tarte fromage sp\u00e9culoos, le moelleux au chocolat, la tarte pomme ou poire amandes.<\/p>\n<p>Bonne d\u00e9gustation!<\/p>\n<div id='gallery-1' class='gallery galleryid-630 gallery-columns-6 gallery-size-thumbnail'><figure class='gallery-item'>\n\t\t\t<div class='gallery-icon landscape'>\n\t\t\t\t<a href='https:\/\/www.atelierdesylvie.be\/?attachment_id=632'><img width=\"150\" height=\"150\" src=\"https:\/\/www.atelierdesylvie.be\/wp-content\/uploads\/2015\/04\/20150426_105549-150x150.jpg\" class=\"attachment-thumbnail size-thumbnail\" alt=\"\" decoding=\"async\" loading=\"lazy\" \/><\/a>\n\t\t\t<\/div><\/figure><figure class='gallery-item'>\n\t\t\t<div class='gallery-icon landscape'>\n\t\t\t\t<a href='https:\/\/www.atelierdesylvie.be\/?attachment_id=634'><img width=\"150\" height=\"150\" src=\"https:\/\/www.atelierdesylvie.be\/wp-content\/uploads\/2015\/04\/20150426_105505b-150x150.jpg\" class=\"attachment-thumbnail size-thumbnail\" alt=\"\" decoding=\"async\" loading=\"lazy\" \/><\/a>\n\t\t\t<\/div><\/figure><figure class='gallery-item'>\n\t\t\t<div class='gallery-icon landscape'>\n\t\t\t\t<a href='https:\/\/www.atelierdesylvie.be\/?attachment_id=337'><img width=\"150\" height=\"150\" src=\"https:\/\/www.atelierdesylvie.be\/wp-content\/uploads\/2014\/11\/IMG_4847-150x150.jpg\" class=\"attachment-thumbnail size-thumbnail\" alt=\"\" decoding=\"async\" loading=\"lazy\" \/><\/a>\n\t\t\t<\/div><\/figure><figure class='gallery-item'>\n\t\t\t<div class='gallery-icon landscape'>\n\t\t\t\t<a href='https:\/\/www.atelierdesylvie.be\/?attachment_id=335'><img width=\"150\" height=\"150\" src=\"https:\/\/www.atelierdesylvie.be\/wp-content\/uploads\/2014\/11\/IMG_3090-150x150.jpg\" class=\"attachment-thumbnail size-thumbnail\" alt=\"\" decoding=\"async\" loading=\"lazy\" \/><\/a>\n\t\t\t<\/div><\/figure><figure class='gallery-item'>\n\t\t\t<div class='gallery-icon landscape'>\n\t\t\t\t<a href='https:\/\/www.atelierdesylvie.be\/?attachment_id=572'><img width=\"150\" height=\"150\" src=\"https:\/\/www.atelierdesylvie.be\/wp-content\/uploads\/2015\/03\/20150224_1135121-150x150.jpg\" class=\"attachment-thumbnail size-thumbnail\" alt=\"\" decoding=\"async\" loading=\"lazy\" \/><\/a>\n\t\t\t<\/div><\/figure><figure class='gallery-item'>\n\t\t\t<div class='gallery-icon landscape'>\n\t\t\t\t<a href='https:\/\/www.atelierdesylvie.be\/?attachment_id=334'><img width=\"150\" height=\"150\" src=\"https:\/\/www.atelierdesylvie.be\/wp-content\/uploads\/2014\/11\/IMG_3089-150x150.jpg\" class=\"attachment-thumbnail size-thumbnail\" alt=\"\" decoding=\"async\" loading=\"lazy\" \/><\/a>\n\t\t\t<\/div><\/figure>\n\t\t<\/div>\n\n<p>&nbsp;<\/p>\n","protected":false},"excerpt":{"rendered":"<p>Les fraises et surtout leur saveur sont de retour! Un avant-go\u00fbt de ce que les&#8230;<\/p>\n<div class=\"more-link-wrapper\"><a class=\"more-link\" href=\"https:\/\/www.atelierdesylvie.be\/?p=630\">Read the post<span class=\"screen-reader-text\">Vives les fruits savoureux<\/span><\/a><\/div>\n","protected":false},"author":1,"featured_media":632,"comment_status":"open","ping_status":"open","sticky":false,"template":"","format":"standard","meta":[],"categories":[45],"tags":[42,49,46,50,48,51,47],"_links":{"self":[{"href":"https:\/\/www.atelierdesylvie.be\/index.php?rest_route=\/wp\/v2\/posts\/630"}],"collection":[{"href":"https:\/\/www.atelierdesylvie.be\/index.php?rest_route=\/wp\/v2\/posts"}],"about":[{"href":"https:\/\/www.atelierdesylvie.be\/index.php?rest_route=\/wp\/v2\/types\/post"}],"author":[{"embeddable":true,"href":"https:\/\/www.atelierdesylvie.be\/index.php?rest_route=\/wp\/v2\/users\/1"}],"replies":[{"embeddable":true,"href":"https:\/\/www.atelierdesylvie.be\/index.php?rest_route=%2Fwp%2Fv2%2Fcomments&post=630"}],"version-history":[{"count":3,"href":"https:\/\/www.atelierdesylvie.be\/index.php?rest_route=\/wp\/v2\/posts\/630\/revisions"}],"predecessor-version":[{"id":637,"href":"https:\/\/www.atelierdesylvie.be\/index.php?rest_route=\/wp\/v2\/posts\/630\/revisions\/637"}],"wp:featuredmedia":[{"embeddable":true,"href":"https:\/\/www.atelierdesylvie.be\/index.php?rest_route=\/wp\/v2\/media\/632"}],"wp:attachment":[{"href":"https:\/\/www.atelierdesylvie.be\/index.php?rest_route=%2Fwp%2Fv2%2Fmedia&parent=630"}],"wp:term":[{"taxonomy":"category","embeddable":true,"href":"https:\/\/www.atelierdesylvie.be\/index.php?rest_route=%2Fwp%2Fv2%2Fcategories&post=630"},{"taxonomy":"post_tag","embeddable":true,"href":"https:\/\/www.atelierdesylvie.be\/index.php?rest_route=%2Fwp%2Fv2%2Ftags&post=630"}],"curies":[{"name":"wp","href":"https:\/\/api.w.org\/{rel}","templated":true}]}}