{"id":872,"date":"2015-11-26T21:10:38","date_gmt":"2015-11-26T20:10:38","guid":{"rendered":"http:\/\/www.atelierdesylvie.be\/?p=872"},"modified":"2015-12-27T10:30:22","modified_gmt":"2015-12-27T09:30:22","slug":"872","status":"publish","type":"post","link":"https:\/\/www.atelierdesylvie.be\/?p=872","title":{"rendered":"Les f\u00eates en douceurs \u00e0 l&rsquo;Atelier de Sylvie"},"content":{"rendered":"<div id='gallery-1' class='gallery galleryid-872 gallery-columns-5 gallery-size-thumbnail'><figure class='gallery-item'>\n\t\t\t<div class='gallery-icon landscape'>\n\t\t\t\t<a href='https:\/\/www.atelierdesylvie.be\/?attachment_id=878'><img width=\"150\" height=\"150\" src=\"https:\/\/www.atelierdesylvie.be\/wp-content\/uploads\/2015\/11\/B\u00fbche-framboise-150x150.jpg\" class=\"attachment-thumbnail size-thumbnail\" alt=\"\" decoding=\"async\" loading=\"lazy\" \/><\/a>\n\t\t\t<\/div><\/figure><figure class='gallery-item'>\n\t\t\t<div class='gallery-icon landscape'>\n\t\t\t\t<a href='https:\/\/www.atelierdesylvie.be\/?attachment_id=908'><img width=\"150\" height=\"150\" src=\"https:\/\/www.atelierdesylvie.be\/wp-content\/uploads\/2015\/11\/B\u00fbche-chocolat-croquant-2-150x150.jpg\" class=\"attachment-thumbnail size-thumbnail\" alt=\"\" decoding=\"async\" loading=\"lazy\" \/><\/a>\n\t\t\t<\/div><\/figure><figure class='gallery-item'>\n\t\t\t<div class='gallery-icon portrait'>\n\t\t\t\t<a href='https:\/\/www.atelierdesylvie.be\/?attachment_id=875'><img width=\"150\" height=\"150\" src=\"https:\/\/www.atelierdesylvie.be\/wp-content\/uploads\/2015\/11\/b\u00fbche-caramel-2-150x150.jpg\" class=\"attachment-thumbnail size-thumbnail\" alt=\"\" decoding=\"async\" loading=\"lazy\" \/><\/a>\n\t\t\t<\/div><\/figure><figure class='gallery-item'>\n\t\t\t<div class='gallery-icon portrait'>\n\t\t\t\t<a href='https:\/\/www.atelierdesylvie.be\/?attachment_id=906'><img width=\"150\" height=\"150\" src=\"https:\/\/www.atelierdesylvie.be\/wp-content\/uploads\/2015\/11\/nuche-moka-150x150.jpg\" class=\"attachment-thumbnail size-thumbnail\" alt=\"\" decoding=\"async\" loading=\"lazy\" \/><\/a>\n\t\t\t<\/div><\/figure><figure class='gallery-item'>\n\t\t\t<div class='gallery-icon landscape'>\n\t\t\t\t<a href='https:\/\/www.atelierdesylvie.be\/?attachment_id=426'><img width=\"150\" height=\"150\" src=\"https:\/\/www.atelierdesylvie.be\/wp-content\/uploads\/2014\/12\/MG_8602-150x150.jpg\" class=\"attachment-thumbnail size-thumbnail\" alt=\"\" decoding=\"async\" loading=\"lazy\" \/><\/a>\n\t\t\t<\/div><\/figure><figure class='gallery-item'>\n\t\t\t<div class='gallery-icon landscape'>\n\t\t\t\t<a href='https:\/\/www.atelierdesylvie.be\/?attachment_id=880'><img width=\"150\" height=\"150\" src=\"https:\/\/www.atelierdesylvie.be\/wp-content\/uploads\/2015\/11\/glace-bonhomme-neige-1-150x150.jpg\" class=\"attachment-thumbnail size-thumbnail\" alt=\"\" decoding=\"async\" loading=\"lazy\" \/><\/a>\n\t\t\t<\/div><\/figure><figure class='gallery-item'>\n\t\t\t<div class='gallery-icon portrait'>\n\t\t\t\t<a href='https:\/\/www.atelierdesylvie.be\/?attachment_id=892'><img width=\"150\" height=\"150\" src=\"https:\/\/www.atelierdesylvie.be\/wp-content\/uploads\/2015\/11\/Macarons-150x150.jpg\" class=\"attachment-thumbnail size-thumbnail\" alt=\"\" decoding=\"async\" loading=\"lazy\" \/><\/a>\n\t\t\t<\/div><\/figure><figure class='gallery-item'>\n\t\t\t<div class='gallery-icon landscape'>\n\t\t\t\t<a href='https:\/\/www.atelierdesylvie.be\/?attachment_id=169'><img width=\"150\" height=\"150\" src=\"https:\/\/www.atelierdesylvie.be\/wp-content\/uploads\/2014\/10\/assortiment-150x150.jpg\" class=\"attachment-thumbnail size-thumbnail\" alt=\"\" decoding=\"async\" loading=\"lazy\" \/><\/a>\n\t\t\t<\/div><\/figure><figure class='gallery-item'>\n\t\t\t<div class='gallery-icon landscape'>\n\t\t\t\t<a href='https:\/\/www.atelierdesylvie.be\/?attachment_id=939'><img width=\"150\" height=\"150\" src=\"https:\/\/www.atelierdesylvie.be\/wp-content\/uploads\/2015\/12\/20151217_095403-150x150.jpg\" class=\"attachment-thumbnail size-thumbnail\" alt=\"\" decoding=\"async\" loading=\"lazy\" \/><\/a>\n\t\t\t<\/div><\/figure><figure class='gallery-item'>\n\t\t\t<div class='gallery-icon landscape'>\n\t\t\t\t<a href='https:\/\/www.atelierdesylvie.be\/?attachment_id=940'><img width=\"150\" height=\"150\" src=\"https:\/\/www.atelierdesylvie.be\/wp-content\/uploads\/2015\/12\/Nouvel-An-choc-intense-150x150.jpg\" class=\"attachment-thumbnail size-thumbnail\" alt=\"\" decoding=\"async\" loading=\"lazy\" \/><\/a>\n\t\t\t<\/div><\/figure><figure class='gallery-item'>\n\t\t\t<div class='gallery-icon portrait'>\n\t\t\t\t<a href='https:\/\/www.atelierdesylvie.be\/?attachment_id=933'><img width=\"150\" height=\"150\" src=\"https:\/\/www.atelierdesylvie.be\/wp-content\/uploads\/2015\/12\/sorbet-champagne-150x150.jpg\" class=\"attachment-thumbnail size-thumbnail\" alt=\"\" decoding=\"async\" loading=\"lazy\" \/><\/a>\n\t\t\t<\/div><\/figure><figure class='gallery-item'>\n\t\t\t<div class='gallery-icon portrait'>\n\t\t\t\t<a href='https:\/\/www.atelierdesylvie.be\/?attachment_id=931'><img width=\"150\" height=\"150\" src=\"https:\/\/www.atelierdesylvie.be\/wp-content\/uploads\/2015\/12\/macaron-assort-150x150.jpg\" class=\"attachment-thumbnail size-thumbnail\" alt=\"\" decoding=\"async\" loading=\"lazy\" \/><\/a>\n\t\t\t<\/div><\/figure>\n\t\t<\/div>\n\n<p>Les f\u00eates approchent et l&rsquo;heure est venue de vous proposer nos b\u00fbches et desserts de fin d&rsquo;ann\u00e9e ainsi que de vous pr\u00e9senter les nouveaux membres de la palette gourmande\u00a0: <strong>notre dessert chocolat caramel, nos bonhommes de neige glac\u00e9s fa\u00e7on omelette norv\u00e9gienne et nos biscuits et macarons pour accompagner votre caf\u00e9&#8230;<\/strong><br \/>\n<strong><br \/>\nFra\u00eecheur Framboise<br \/>\n<\/strong>Mousse de framboise \u00e0 l&rsquo;int\u00e9rieure de laquelle se cache un insert aux fruits des bois. Le tout repose sur un biscuit moelleux cacao aux amandes<br \/>\n4\u20ac p.pers. (4-6-8-10)<\/p>\n<p><strong>Choc intense<\/strong><br \/>\nMousse de chocolat sur un croustillant feuilletine pralin\u00e9 et une dacquoise aux amandes<br \/>\n4\u20ac p.pers.\u00a0(4-6-8-10)<\/p>\n<p><strong>Chocolat caramel\u00a0<\/strong><br \/>\nMousse de chocolat noir 70% adoucie par un insert cr\u00e8me br\u00fbl\u00e9e et caramel beurre sal\u00e9. Le tout sur un biscuit cuill\u00e8re moelleux et recouvert d&rsquo;une ganache caramel.<br \/>\n4\u20ac p.pers.\u00a0(4-6-8-10)<\/p>\n<p><strong>Sensation Moka<\/strong><br \/>\nG\u00e9noise au sirop de caf\u00e9, saupoudr\u00e9e de noisettes concass\u00e9es caram\u00e9lis\u00e9es, cr\u00e8me l\u00e9g\u00e8re au beurre caf\u00e9 assortie de d\u00e9corations croustillantes.<br \/>\n4\u20ac p.pers.\u00a0(4-6-8-10)<\/p>\n<p><strong>Cr\u00e8me douce aux fruits<\/strong><br \/>\nBiscuit de Savoie relev\u00e9 par un sirop de fruits rouges recouverts de cr\u00e8me l\u00e9g\u00e8re et de fruits frais sur un biscuit sabl\u00e9<br \/>\n4\u20ac p.pers\u00a0(4-6-8-10)<\/p>\n<p><strong>Glace vanille\/sorbet framboise<br \/>\n<\/strong>Glace vanille avec sorbet framboise sur un biscuit cuill\u00e8re recouverte d&rsquo;une meringue \u00e0 l&rsquo;italienne.<br \/>\n4\u20ac p.pers.\u00a0(4-6-8-10)<\/p>\n<p><strong>Dessert gourmand<br \/>\n<\/strong><span style=\"font-size: 1em; line-height: 1.5;\">Assortiment de g\u00e2teaux r\u00e9ductions<br \/>\n<\/span><span style=\"font-size: 1em; line-height: 1.5;\">4\u20ac p.pers.<\/span><\/p>\n<p><strong>Macarons Assortiment<br \/>\n<\/strong><span style=\"font-size: 1em; line-height: 1.5;\">Framboise, Chocolat tonka, Caramel beurre sal\u00e9, Pistache, Pralin\u00e9, Vanille<br \/>\n<\/span><span style=\"font-size: 1em; line-height: 1.5;\">Boite cadeau de 7 ou 14 pi\u00e8ces (1.30\u20acp.p.).<\/span><\/p>\n<p><strong>Biscuits assortiment<\/strong><br \/>\nSabl\u00e9s, cookies classiques, sp\u00e9culoos, biscuits citron<br \/>\n26\u20ac\/kg<\/p>\n<p>&nbsp;<\/p>\n<h3 style=\"text-align: center;\"><strong>Commandez vos desserts du Nouvel An\u00a0avant le 29 d\u00e9cembre 20h et n&rsquo;h\u00e9sitez pas \u00e0 nous\u00a0<a href=\"http:\/\/www.atelierdesylvie.be\/?page_id=208\">contacter<\/a>\u00a0pour toute question!<\/strong><\/h3>\n<p style=\"text-align: center;\"><strong>Atelier de Sylvie<br \/>\n<\/strong><strong>Rue Van Soust 610<br \/>\n<\/strong><strong>1700 Dilbeek<br \/>\n<\/strong><strong>0495 12 87 72<br \/>\n<\/strong><strong>info@atelierdesylvie.be<\/strong><\/p>\n","protected":false},"excerpt":{"rendered":"<p>Les f\u00eates approchent et l&rsquo;heure est venue de vous proposer nos b\u00fbches et desserts de&#8230;<\/p>\n<div class=\"more-link-wrapper\"><a class=\"more-link\" href=\"https:\/\/www.atelierdesylvie.be\/?p=872\">Read the post<span class=\"screen-reader-text\">Les f\u00eates en douceurs \u00e0 l&rsquo;Atelier de Sylvie<\/span><\/a><\/div>\n","protected":false},"author":1,"featured_media":912,"comment_status":"open","ping_status":"open","sticky":false,"template":"","format":"standard","meta":[],"categories":[66],"tags":[68,67,65,12,69,53,70],"_links":{"self":[{"href":"https:\/\/www.atelierdesylvie.be\/index.php?rest_route=\/wp\/v2\/posts\/872"}],"collection":[{"href":"https:\/\/www.atelierdesylvie.be\/index.php?rest_route=\/wp\/v2\/posts"}],"about":[{"href":"https:\/\/www.atelierdesylvie.be\/index.php?rest_route=\/wp\/v2\/types\/post"}],"author":[{"embeddable":true,"href":"https:\/\/www.atelierdesylvie.be\/index.php?rest_route=\/wp\/v2\/users\/1"}],"replies":[{"embeddable":true,"href":"https:\/\/www.atelierdesylvie.be\/index.php?rest_route=%2Fwp%2Fv2%2Fcomments&post=872"}],"version-history":[{"count":20,"href":"https:\/\/www.atelierdesylvie.be\/index.php?rest_route=\/wp\/v2\/posts\/872\/revisions"}],"predecessor-version":[{"id":960,"href":"https:\/\/www.atelierdesylvie.be\/index.php?rest_route=\/wp\/v2\/posts\/872\/revisions\/960"}],"wp:featuredmedia":[{"embeddable":true,"href":"https:\/\/www.atelierdesylvie.be\/index.php?rest_route=\/wp\/v2\/media\/912"}],"wp:attachment":[{"href":"https:\/\/www.atelierdesylvie.be\/index.php?rest_route=%2Fwp%2Fv2%2Fmedia&parent=872"}],"wp:term":[{"taxonomy":"category","embeddable":true,"href":"https:\/\/www.atelierdesylvie.be\/index.php?rest_route=%2Fwp%2Fv2%2Fcategories&post=872"},{"taxonomy":"post_tag","embeddable":true,"href":"https:\/\/www.atelierdesylvie.be\/index.php?rest_route=%2Fwp%2Fv2%2Ftags&post=872"}],"curies":[{"name":"wp","href":"https:\/\/api.w.org\/{rel}","templated":true}]}}